{"id":8667,"date":"2025-06-13T09:00:59","date_gmt":"2025-06-13T07:00:59","guid":{"rendered":"https:\/\/palma.hammamalandalus.com\/hammam-participa-como-partner-en-mallorca-live-festival\/"},"modified":"2025-10-24T16:16:07","modified_gmt":"2025-10-24T14:16:07","slug":"hammam-au-mallorca-live-festival","status":"publish","type":"post","link":"https:\/\/palma.hammamalandalus.com\/fr\/hammam-au-mallorca-live-festival\/","title":{"rendered":"Hammam au Mallorca Live Festival : une exp\u00e9rience de d\u00e9tente au c\u0153ur du festival"},"content":{"rendered":"<p>Le <em>Mallorca Live Festival<\/em> est connu pour son atmosph\u00e8re vibrante de musique, d\u2019art et de divertissement, mais cette ann\u00e9e, le festival proposera une exp\u00e9rience compl\u00e8tement diff\u00e9rente. <strong>Hammam Al \u00c1ndalus<\/strong> apporte sa touche de d\u00e9tente et de bien-\u00eatre au festival, offrant un espace exclusif o\u00f9 les participants pourront profiter d\u2019un moment de s\u00e9r\u00e9nit\u00e9 au milieu de l\u2019\u00e9nergie de l\u2019\u00e9v\u00e9nement.<\/p>\n<p><!--more--><\/p>\n<h2>Refuge de d\u00e9tente au c\u0153ur du Mallorca Live Festival<\/h2>\n<p>Au centre du <a href=\"https:\/\/mallorcalivefestival.com\/ca\/inici-mlf25\/\"><em>Mallorca Live Festival<\/em><\/a>, Hammam a cr\u00e9\u00e9 une oasis de tranquillit\u00e9 : un espace inspir\u00e9 par la tradition du bain arabe andalou, o\u00f9 les visiteurs peuvent \u00e9chapper \u00e0 l\u2019agitation du festival pour se d\u00e9tendre, se rafra\u00eechir et renouveler leur \u00e9nergie. Cet espace de bien-\u00eatre proposera des massages rapides et efficaces, r\u00e9alis\u00e9s dans une tente de style jaima sp\u00e9cialement d\u00e9cor\u00e9e pour l\u2019occasion, o\u00f9 les participants pourront profiter d\u2019un massage r\u00e9g\u00e9n\u00e9rant tout en \u00e9coutant le murmure de l\u2019eau et en se sentant envelopp\u00e9s dans une atmosph\u00e8re de calme absolu.<\/p>\n<p><img loading=\"lazy\" decoding=\"async\" class=\"aligncenter wp-image-7967 size-large\" src=\"https:\/\/palma.hammamalandalus.com\/wp-content\/uploads\/sites\/6\/2025\/06\/Hammam-partner-de-Mallorca-Live-Festival-819x1024.png\" alt=\"\" width=\"819\" height=\"1024\" srcset=\"https:\/\/palma.hammamalandalus.com\/wp-content\/uploads\/sites\/6\/2025\/06\/Hammam-partner-de-Mallorca-Live-Festival-819x1024.png 819w, https:\/\/palma.hammamalandalus.com\/wp-content\/uploads\/sites\/6\/2025\/06\/Hammam-partner-de-Mallorca-Live-Festival-240x300.png 240w, https:\/\/palma.hammamalandalus.com\/wp-content\/uploads\/sites\/6\/2025\/06\/Hammam-partner-de-Mallorca-Live-Festival-768x960.png 768w, https:\/\/palma.hammamalandalus.com\/wp-content\/uploads\/sites\/6\/2025\/06\/Hammam-partner-de-Mallorca-Live-Festival.png 1080w\" sizes=\"auto, (max-width: 819px) 100vw, 819px\" \/><\/p>\n<h2>Exp\u00e9rience Hammam : puis-je vraiment me d\u00e9tendre dans un festival ?<\/h2>\n<p>Hammam Al \u00c1ndalus a con\u00e7u une s\u00e9rie de services exclusifs pour les participants du <em>Mallorca Live Festival<\/em> :<\/p>\n<ul>\n<li><strong>Massages relaxants de 7 minutes<\/strong> : Un espace d\u00e9di\u00e9 \u00e0 la relaxation physique et mentale, avec des massages cibl\u00e9s sur le cou, la t\u00eate et le dos, utilisant les produits de la marque cosm\u00e9tique \u00e9cologique <em>El Jard\u00edn de Hammam<\/em>, \u00e9labor\u00e9s \u00e0 partir d\u2019huiles essentielles biologiques et d\u2019huile d\u2019olive.<\/li>\n<li><strong>Espace de d\u00e9tente<\/strong> : Apr\u00e8s les massages, les visiteurs pourront se reposer dans la zone de th\u00e9 glac\u00e9, avec des options rafra\u00eechissantes comme le melon ou la menthe, offrant une pause revitalisante au c\u0153ur de l\u2019exp\u00e9rience du festival.<\/li>\n<\/ul>\n<p><img loading=\"lazy\" decoding=\"async\" class=\"aligncenter wp-image-7987 size-large\" src=\"https:\/\/palma.hammamalandalus.com\/wp-content\/uploads\/sites\/6\/2025\/06\/Hammam-X-Mallorca-Live-Festival-840x1024.jpeg\" alt=\"\" width=\"840\" height=\"1024\" srcset=\"https:\/\/palma.hammamalandalus.com\/wp-content\/uploads\/sites\/6\/2025\/06\/Hammam-X-Mallorca-Live-Festival-840x1024.jpeg 840w, https:\/\/palma.hammamalandalus.com\/wp-content\/uploads\/sites\/6\/2025\/06\/Hammam-X-Mallorca-Live-Festival-246x300.jpeg 246w, https:\/\/palma.hammamalandalus.com\/wp-content\/uploads\/sites\/6\/2025\/06\/Hammam-X-Mallorca-Live-Festival-768x936.jpeg 768w, https:\/\/palma.hammamalandalus.com\/wp-content\/uploads\/sites\/6\/2025\/06\/Hammam-X-Mallorca-Live-Festival-1260x1536.jpeg 1260w, https:\/\/palma.hammamalandalus.com\/wp-content\/uploads\/sites\/6\/2025\/06\/Hammam-X-Mallorca-Live-Festival.jpeg 1441w\" sizes=\"auto, (max-width: 840px) 100vw, 840px\" \/><\/p>\n<h2>Fusion entre culture et bien-\u00eatre<\/h2>\n<p><a href=\"https:\/\/palma.hammamalandalus.com\/fr\/\">Hammam Al \u00c1ndalus<\/a> n\u2019apporte pas seulement de la d\u00e9tente, mais aussi une touche culturelle \u00e0 l\u2019exp\u00e9rience du festival. La fusion de la musique en direct avec le bien-\u00eatre sensoriel du Hammam cr\u00e9e un contraste parfait, permettant aux participants de profiter du meilleur des deux mondes. Dans un espace con\u00e7u pour le repos et la s\u00e9r\u00e9nit\u00e9, Hammam devient le compl\u00e9ment id\u00e9al \u00e0 l\u2019\u00e9nergie du <em>Mallorca Live Festival<\/em>.<\/p>\n<h2>Ne manquez pas cette exp\u00e9rience ! Participez et gagnez<\/h2>\n<p>En tant que membre de la Communaut\u00e9 Voyageur Hammam, vous avez la possibilit\u00e9 de profiter de cette exp\u00e9rience unique avec plusieurs avantages :<\/p>\n<ul>\n<li><strong>Tirage au sort exclusif de billets<\/strong> pour le festival, avec la chance de gagner l\u2019un des six pass disponibles.<\/li>\n<li><strong>R\u00e9duction sp\u00e9ciale de 15%<\/strong> sur l\u2019achat de billets pour le <em>Mallorca Live Festival<\/em>, r\u00e9serv\u00e9e aux membres de la Communaut\u00e9 Voyageur Hammam.<\/li>\n<\/ul>\n<p>Gr\u00e2ce \u00e0 la collaboration avec le <em>Mallorca Live Festival<\/em>, Hammam est plus pr\u00e9sent que jamais lors de l\u2019\u00e9v\u00e9nement. En plus de disposer d\u2019un stand exclusif de massages et de d\u00e9tente, le logo de Hammam Al \u00c1ndalus sera visible sur le site officiel du festival et dans plusieurs zones cl\u00e9s du site, comme la zone premium et l\u2019\u00e9cran principal.<\/p>\n<h2>Foire aux questions<\/h2>\n<h3>O\u00f9 nous trouver dans l\u2019enceinte du festival ?<\/h3>\n<p>Nous serons dans la zone d\u2019acc\u00e8s Premium du Mallorca Live Festival, dans un espace con\u00e7u pour offrir une pause sereine et sensorielle entre les concerts. Vous nous trouverez facilement dans l\u2019espace exclusif : laissez-vous guider par le parfum des huiles essentielles et l\u2019atmosph\u00e8re apaisante, sans m\u00eame avoir besoin d\u2019une carte.<\/p>\n<h3>Combien co\u00fbte ce service dans le festival ?<\/h3>\n<p>Rien. Ce service est gratuit pour les d\u00e9tenteurs d\u2019un acc\u00e8s Premium. Il s\u2019agit de massages courts, ax\u00e9s sur le cou, la t\u00eate et les mains, accompagn\u00e9s d\u2019huiles essentielles et de techniques inspir\u00e9es de nos rituels de bien-\u00eatre. Un v\u00e9ritable cadeau pour les sens entre \u00e9motions intenses et musique live.<\/p>\n<p>&nbsp;<\/p>\n<p><a href=\"https:\/\/comunidad.hammamalandalus.com\/s\/login\/SelfRegister\" target=\"_blank\" rel=\"noopener\"><img loading=\"lazy\" decoding=\"async\" class=\"aligncenter wp-image-7973 size-full\" src=\"https:\/\/palma.hammamalandalus.com\/wp-content\/uploads\/sites\/6\/2025\/06\/CTA_comunidad.png\" alt=\"\" width=\"750\" height=\"250\" srcset=\"https:\/\/palma.hammamalandalus.com\/wp-content\/uploads\/sites\/6\/2025\/06\/CTA_comunidad.png 750w, https:\/\/palma.hammamalandalus.com\/wp-content\/uploads\/sites\/6\/2025\/06\/CTA_comunidad-300x100.png 300w\" sizes=\"auto, (max-width: 750px) 100vw, 750px\" \/><\/a><\/p>\n","protected":false},"excerpt":{"rendered":"<p>Le Mallorca Live Festival est connu pour son atmosph\u00e8re vibrante de musique, d\u2019art et de divertissement, mais cette ann\u00e9e, le festival proposera une exp\u00e9rience compl\u00e8tement diff\u00e9rente. Hammam Al \u00c1ndalus apporte sa touche de d\u00e9tente et de bien-\u00eatre au festival, offrant un espace exclusif o\u00f9 les participants pourront profiter d\u2019un moment de s\u00e9r\u00e9nit\u00e9 au milieu de<\/p>\n","protected":false},"author":33,"featured_media":7984,"comment_status":"open","ping_status":"open","sticky":false,"template":"","format":"standard","meta":{"_acf_changed":false,"footnotes":""},"categories":[361],"tags":[],"class_list":["post-8667","post","type-post","status-publish","format-standard","has-post-thumbnail","hentry","category-turismo"],"acf":[],"yoast_head":"<!-- This site is optimized with the Yoast SEO plugin v27.5 - https:\/\/yoast.com\/product\/yoast-seo-wordpress\/ -->\n<title>Hammam participe au Mallorca Live Festival | Palma de Majorque<\/title>\n<meta name=\"description\" content=\"Ne manquez pas cet espace unique pour vous reposer et vous d\u00e9tendre au Mallorca Live Festival : Hammam a cr\u00e9\u00e9 un lieu pour sublimer votre exp\u00e9rience du festival \ud83d\udc86\u200d\u2640\ufe0f\" \/>\n<meta name=\"robots\" content=\"index, follow, max-snippet:-1, max-image-preview:large, max-video-preview:-1\" \/>\n<link rel=\"canonical\" href=\"https:\/\/palma.hammamalandalus.com\/fr\/hammam-au-mallorca-live-festival\/\" \/>\n<meta property=\"og:locale\" content=\"fr_FR\" \/>\n<meta property=\"og:type\" content=\"article\" \/>\n<meta property=\"og:title\" content=\"Hammam participe au Mallorca Live Festival | Palma de Majorque\" \/>\n<meta property=\"og:description\" content=\"Ne manquez pas cet espace unique pour vous reposer et vous d\u00e9tendre au Mallorca Live Festival : Hammam a cr\u00e9\u00e9 un lieu pour sublimer votre exp\u00e9rience du festival \ud83d\udc86\u200d\u2640\ufe0f\" \/>\n<meta property=\"og:url\" content=\"https:\/\/palma.hammamalandalus.com\/fr\/hammam-au-mallorca-live-festival\/\" \/>\n<meta property=\"og:site_name\" content=\"Hammam Palma\" \/>\n<meta property=\"article:published_time\" content=\"2025-06-13T07:00:59+00:00\" \/>\n<meta property=\"article:modified_time\" content=\"2025-10-24T14:16:07+00:00\" \/>\n<meta property=\"og:image\" content=\"https:\/\/palma.hammamalandalus.com\/wp-content\/uploads\/sites\/6\/2025\/06\/Hammam_participa_con_un_espacio_en_Mallorca_Live_Summer.jpg\" \/>\n\t<meta property=\"og:image:width\" content=\"1200\" \/>\n\t<meta property=\"og:image:height\" content=\"675\" \/>\n\t<meta property=\"og:image:type\" content=\"image\/jpeg\" \/>\n<meta name=\"author\" content=\"mbel\" \/>\n<meta name=\"twitter:card\" content=\"summary_large_image\" \/>\n<meta name=\"twitter:label1\" content=\"\u00c9crit par\" \/>\n\t<meta name=\"twitter:data1\" content=\"mbel\" \/>\n\t<meta name=\"twitter:label2\" content=\"Dur\u00e9e de lecture estim\u00e9e\" \/>\n\t<meta name=\"twitter:data2\" content=\"3 minutes\" \/>\n<script type=\"application\/ld+json\" class=\"yoast-schema-graph\">{\"@context\":\"https:\\\/\\\/schema.org\",\"@graph\":[{\"@type\":\"Article\",\"@id\":\"https:\\\/\\\/palma.hammamalandalus.com\\\/fr\\\/hammam-au-mallorca-live-festival\\\/#article\",\"isPartOf\":{\"@id\":\"https:\\\/\\\/palma.hammamalandalus.com\\\/fr\\\/hammam-au-mallorca-live-festival\\\/\"},\"author\":{\"name\":\"mbel\",\"@id\":\"https:\\\/\\\/palma.hammamalandalus.com\\\/fr\\\/#\\\/schema\\\/person\\\/4831539627e0493eaf3e936ea9264fe2\"},\"headline\":\"Hammam au Mallorca Live Festival : une exp\u00e9rience de d\u00e9tente au c\u0153ur du festival\",\"datePublished\":\"2025-06-13T07:00:59+00:00\",\"dateModified\":\"2025-10-24T14:16:07+00:00\",\"mainEntityOfPage\":{\"@id\":\"https:\\\/\\\/palma.hammamalandalus.com\\\/fr\\\/hammam-au-mallorca-live-festival\\\/\"},\"wordCount\":690,\"commentCount\":0,\"publisher\":{\"@id\":\"https:\\\/\\\/palma.hammamalandalus.com\\\/fr\\\/#organization\"},\"image\":{\"@id\":\"https:\\\/\\\/palma.hammamalandalus.com\\\/fr\\\/hammam-au-mallorca-live-festival\\\/#primaryimage\"},\"thumbnailUrl\":\"https:\\\/\\\/palma.hammamalandalus.com\\\/wp-content\\\/uploads\\\/sites\\\/6\\\/2025\\\/06\\\/Hammam_participa_con_un_espacio_en_Mallorca_Live_Summer.jpg\",\"articleSection\":[\"Turismo\"],\"inLanguage\":\"fr-FR\",\"potentialAction\":[{\"@type\":\"CommentAction\",\"name\":\"Comment\",\"target\":[\"https:\\\/\\\/palma.hammamalandalus.com\\\/fr\\\/hammam-au-mallorca-live-festival\\\/#respond\"]}]},{\"@type\":\"WebPage\",\"@id\":\"https:\\\/\\\/palma.hammamalandalus.com\\\/fr\\\/hammam-au-mallorca-live-festival\\\/\",\"url\":\"https:\\\/\\\/palma.hammamalandalus.com\\\/fr\\\/hammam-au-mallorca-live-festival\\\/\",\"name\":\"Hammam participe au Mallorca Live Festival | Palma de Majorque\",\"isPartOf\":{\"@id\":\"https:\\\/\\\/palma.hammamalandalus.com\\\/fr\\\/#website\"},\"primaryImageOfPage\":{\"@id\":\"https:\\\/\\\/palma.hammamalandalus.com\\\/fr\\\/hammam-au-mallorca-live-festival\\\/#primaryimage\"},\"image\":{\"@id\":\"https:\\\/\\\/palma.hammamalandalus.com\\\/fr\\\/hammam-au-mallorca-live-festival\\\/#primaryimage\"},\"thumbnailUrl\":\"https:\\\/\\\/palma.hammamalandalus.com\\\/wp-content\\\/uploads\\\/sites\\\/6\\\/2025\\\/06\\\/Hammam_participa_con_un_espacio_en_Mallorca_Live_Summer.jpg\",\"datePublished\":\"2025-06-13T07:00:59+00:00\",\"dateModified\":\"2025-10-24T14:16:07+00:00\",\"description\":\"Ne manquez pas cet espace unique pour vous reposer et vous d\u00e9tendre au Mallorca Live Festival : Hammam a cr\u00e9\u00e9 un lieu pour sublimer votre exp\u00e9rience du festival \ud83d\udc86\u200d\u2640\ufe0f\",\"breadcrumb\":{\"@id\":\"https:\\\/\\\/palma.hammamalandalus.com\\\/fr\\\/hammam-au-mallorca-live-festival\\\/#breadcrumb\"},\"inLanguage\":\"fr-FR\",\"potentialAction\":[{\"@type\":\"ReadAction\",\"target\":[\"https:\\\/\\\/palma.hammamalandalus.com\\\/fr\\\/hammam-au-mallorca-live-festival\\\/\"]}]},{\"@type\":\"ImageObject\",\"inLanguage\":\"fr-FR\",\"@id\":\"https:\\\/\\\/palma.hammamalandalus.com\\\/fr\\\/hammam-au-mallorca-live-festival\\\/#primaryimage\",\"url\":\"https:\\\/\\\/palma.hammamalandalus.com\\\/wp-content\\\/uploads\\\/sites\\\/6\\\/2025\\\/06\\\/Hammam_participa_con_un_espacio_en_Mallorca_Live_Summer.jpg\",\"contentUrl\":\"https:\\\/\\\/palma.hammamalandalus.com\\\/wp-content\\\/uploads\\\/sites\\\/6\\\/2025\\\/06\\\/Hammam_participa_con_un_espacio_en_Mallorca_Live_Summer.jpg\",\"width\":1200,\"height\":675,\"caption\":\"mallorca live festival y hammam\"},{\"@type\":\"BreadcrumbList\",\"@id\":\"https:\\\/\\\/palma.hammamalandalus.com\\\/fr\\\/hammam-au-mallorca-live-festival\\\/#breadcrumb\",\"itemListElement\":[{\"@type\":\"ListItem\",\"position\":1,\"name\":\"Portada\",\"item\":\"https:\\\/\\\/palma.hammamalandalus.com\\\/fr\\\/\"},{\"@type\":\"ListItem\",\"position\":2,\"name\":\"Hammam au Mallorca Live Festival : une exp\u00e9rience de d\u00e9tente au c\u0153ur du festival\"}]},{\"@type\":\"WebSite\",\"@id\":\"https:\\\/\\\/palma.hammamalandalus.com\\\/fr\\\/#website\",\"url\":\"https:\\\/\\\/palma.hammamalandalus.com\\\/fr\\\/\",\"name\":\"Hammam Al \u00c1ndalus en Palma\",\"description\":\"Hammam Al \u00c1ndalus Palma\",\"publisher\":{\"@id\":\"https:\\\/\\\/palma.hammamalandalus.com\\\/fr\\\/#organization\"},\"alternateName\":\"Hammam\",\"potentialAction\":[{\"@type\":\"SearchAction\",\"target\":{\"@type\":\"EntryPoint\",\"urlTemplate\":\"https:\\\/\\\/palma.hammamalandalus.com\\\/fr\\\/?s={search_term_string}\"},\"query-input\":{\"@type\":\"PropertyValueSpecification\",\"valueRequired\":true,\"valueName\":\"search_term_string\"}}],\"inLanguage\":\"fr-FR\"},{\"@type\":\"Organization\",\"@id\":\"https:\\\/\\\/palma.hammamalandalus.com\\\/fr\\\/#organization\",\"name\":\"Hammam Palma\",\"alternateName\":\"Hammam\",\"url\":\"https:\\\/\\\/palma.hammamalandalus.com\\\/fr\\\/\",\"logo\":{\"@type\":\"ImageObject\",\"inLanguage\":\"fr-FR\",\"@id\":\"https:\\\/\\\/palma.hammamalandalus.com\\\/fr\\\/#\\\/schema\\\/logo\\\/image\\\/\",\"url\":\"https:\\\/\\\/palma.hammamalandalus.com\\\/wp-content\\\/uploads\\\/sites\\\/6\\\/2019\\\/08\\\/hammam-al-andalus.png\",\"contentUrl\":\"https:\\\/\\\/palma.hammamalandalus.com\\\/wp-content\\\/uploads\\\/sites\\\/6\\\/2019\\\/08\\\/hammam-al-andalus.png\",\"width\":79,\"height\":79,\"caption\":\"Hammam Palma\"},\"image\":{\"@id\":\"https:\\\/\\\/palma.hammamalandalus.com\\\/fr\\\/#\\\/schema\\\/logo\\\/image\\\/\"}},{\"@type\":\"Person\",\"@id\":\"https:\\\/\\\/palma.hammamalandalus.com\\\/fr\\\/#\\\/schema\\\/person\\\/4831539627e0493eaf3e936ea9264fe2\",\"name\":\"mbel\",\"image\":{\"@type\":\"ImageObject\",\"inLanguage\":\"fr-FR\",\"@id\":\"https:\\\/\\\/secure.gravatar.com\\\/avatar\\\/57a0fd209a91c1af463466cd9b77a3228a3a036260a09b7a9762b3520248a297?s=96&d=mm&r=g\",\"url\":\"https:\\\/\\\/secure.gravatar.com\\\/avatar\\\/57a0fd209a91c1af463466cd9b77a3228a3a036260a09b7a9762b3520248a297?s=96&d=mm&r=g\",\"contentUrl\":\"https:\\\/\\\/secure.gravatar.com\\\/avatar\\\/57a0fd209a91c1af463466cd9b77a3228a3a036260a09b7a9762b3520248a297?s=96&d=mm&r=g\",\"caption\":\"mbel\"}}]}<\/script>\n<!-- \/ Yoast SEO plugin. -->","yoast_head_json":{"title":"Hammam participe au Mallorca Live Festival | Palma de Majorque","description":"Ne manquez pas cet espace unique pour vous reposer et vous d\u00e9tendre au Mallorca Live Festival : Hammam a cr\u00e9\u00e9 un lieu pour sublimer votre exp\u00e9rience du festival \ud83d\udc86\u200d\u2640\ufe0f","robots":{"index":"index","follow":"follow","max-snippet":"max-snippet:-1","max-image-preview":"max-image-preview:large","max-video-preview":"max-video-preview:-1"},"canonical":"https:\/\/palma.hammamalandalus.com\/fr\/hammam-au-mallorca-live-festival\/","og_locale":"fr_FR","og_type":"article","og_title":"Hammam participe au Mallorca Live Festival | Palma de Majorque","og_description":"Ne manquez pas cet espace unique pour vous reposer et vous d\u00e9tendre au Mallorca Live Festival : Hammam a cr\u00e9\u00e9 un lieu pour sublimer votre exp\u00e9rience du festival \ud83d\udc86\u200d\u2640\ufe0f","og_url":"https:\/\/palma.hammamalandalus.com\/fr\/hammam-au-mallorca-live-festival\/","og_site_name":"Hammam Palma","article_published_time":"2025-06-13T07:00:59+00:00","article_modified_time":"2025-10-24T14:16:07+00:00","og_image":[{"width":1200,"height":675,"url":"https:\/\/palma.hammamalandalus.com\/wp-content\/uploads\/sites\/6\/2025\/06\/Hammam_participa_con_un_espacio_en_Mallorca_Live_Summer.jpg","type":"image\/jpeg"}],"author":"mbel","twitter_card":"summary_large_image","twitter_misc":{"\u00c9crit par":"mbel","Dur\u00e9e de lecture estim\u00e9e":"3 minutes"},"schema":{"@context":"https:\/\/schema.org","@graph":[{"@type":"Article","@id":"https:\/\/palma.hammamalandalus.com\/fr\/hammam-au-mallorca-live-festival\/#article","isPartOf":{"@id":"https:\/\/palma.hammamalandalus.com\/fr\/hammam-au-mallorca-live-festival\/"},"author":{"name":"mbel","@id":"https:\/\/palma.hammamalandalus.com\/fr\/#\/schema\/person\/4831539627e0493eaf3e936ea9264fe2"},"headline":"Hammam au Mallorca Live Festival : une exp\u00e9rience de d\u00e9tente au c\u0153ur du festival","datePublished":"2025-06-13T07:00:59+00:00","dateModified":"2025-10-24T14:16:07+00:00","mainEntityOfPage":{"@id":"https:\/\/palma.hammamalandalus.com\/fr\/hammam-au-mallorca-live-festival\/"},"wordCount":690,"commentCount":0,"publisher":{"@id":"https:\/\/palma.hammamalandalus.com\/fr\/#organization"},"image":{"@id":"https:\/\/palma.hammamalandalus.com\/fr\/hammam-au-mallorca-live-festival\/#primaryimage"},"thumbnailUrl":"https:\/\/palma.hammamalandalus.com\/wp-content\/uploads\/sites\/6\/2025\/06\/Hammam_participa_con_un_espacio_en_Mallorca_Live_Summer.jpg","articleSection":["Turismo"],"inLanguage":"fr-FR","potentialAction":[{"@type":"CommentAction","name":"Comment","target":["https:\/\/palma.hammamalandalus.com\/fr\/hammam-au-mallorca-live-festival\/#respond"]}]},{"@type":"WebPage","@id":"https:\/\/palma.hammamalandalus.com\/fr\/hammam-au-mallorca-live-festival\/","url":"https:\/\/palma.hammamalandalus.com\/fr\/hammam-au-mallorca-live-festival\/","name":"Hammam participe au Mallorca Live Festival | Palma de Majorque","isPartOf":{"@id":"https:\/\/palma.hammamalandalus.com\/fr\/#website"},"primaryImageOfPage":{"@id":"https:\/\/palma.hammamalandalus.com\/fr\/hammam-au-mallorca-live-festival\/#primaryimage"},"image":{"@id":"https:\/\/palma.hammamalandalus.com\/fr\/hammam-au-mallorca-live-festival\/#primaryimage"},"thumbnailUrl":"https:\/\/palma.hammamalandalus.com\/wp-content\/uploads\/sites\/6\/2025\/06\/Hammam_participa_con_un_espacio_en_Mallorca_Live_Summer.jpg","datePublished":"2025-06-13T07:00:59+00:00","dateModified":"2025-10-24T14:16:07+00:00","description":"Ne manquez pas cet espace unique pour vous reposer et vous d\u00e9tendre au Mallorca Live Festival : Hammam a cr\u00e9\u00e9 un lieu pour sublimer votre exp\u00e9rience du festival \ud83d\udc86\u200d\u2640\ufe0f","breadcrumb":{"@id":"https:\/\/palma.hammamalandalus.com\/fr\/hammam-au-mallorca-live-festival\/#breadcrumb"},"inLanguage":"fr-FR","potentialAction":[{"@type":"ReadAction","target":["https:\/\/palma.hammamalandalus.com\/fr\/hammam-au-mallorca-live-festival\/"]}]},{"@type":"ImageObject","inLanguage":"fr-FR","@id":"https:\/\/palma.hammamalandalus.com\/fr\/hammam-au-mallorca-live-festival\/#primaryimage","url":"https:\/\/palma.hammamalandalus.com\/wp-content\/uploads\/sites\/6\/2025\/06\/Hammam_participa_con_un_espacio_en_Mallorca_Live_Summer.jpg","contentUrl":"https:\/\/palma.hammamalandalus.com\/wp-content\/uploads\/sites\/6\/2025\/06\/Hammam_participa_con_un_espacio_en_Mallorca_Live_Summer.jpg","width":1200,"height":675,"caption":"mallorca live festival y hammam"},{"@type":"BreadcrumbList","@id":"https:\/\/palma.hammamalandalus.com\/fr\/hammam-au-mallorca-live-festival\/#breadcrumb","itemListElement":[{"@type":"ListItem","position":1,"name":"Portada","item":"https:\/\/palma.hammamalandalus.com\/fr\/"},{"@type":"ListItem","position":2,"name":"Hammam au Mallorca Live Festival : une exp\u00e9rience de d\u00e9tente au c\u0153ur du festival"}]},{"@type":"WebSite","@id":"https:\/\/palma.hammamalandalus.com\/fr\/#website","url":"https:\/\/palma.hammamalandalus.com\/fr\/","name":"Hammam Al \u00c1ndalus en Palma","description":"Hammam Al \u00c1ndalus Palma","publisher":{"@id":"https:\/\/palma.hammamalandalus.com\/fr\/#organization"},"alternateName":"Hammam","potentialAction":[{"@type":"SearchAction","target":{"@type":"EntryPoint","urlTemplate":"https:\/\/palma.hammamalandalus.com\/fr\/?s={search_term_string}"},"query-input":{"@type":"PropertyValueSpecification","valueRequired":true,"valueName":"search_term_string"}}],"inLanguage":"fr-FR"},{"@type":"Organization","@id":"https:\/\/palma.hammamalandalus.com\/fr\/#organization","name":"Hammam Palma","alternateName":"Hammam","url":"https:\/\/palma.hammamalandalus.com\/fr\/","logo":{"@type":"ImageObject","inLanguage":"fr-FR","@id":"https:\/\/palma.hammamalandalus.com\/fr\/#\/schema\/logo\/image\/","url":"https:\/\/palma.hammamalandalus.com\/wp-content\/uploads\/sites\/6\/2019\/08\/hammam-al-andalus.png","contentUrl":"https:\/\/palma.hammamalandalus.com\/wp-content\/uploads\/sites\/6\/2019\/08\/hammam-al-andalus.png","width":79,"height":79,"caption":"Hammam Palma"},"image":{"@id":"https:\/\/palma.hammamalandalus.com\/fr\/#\/schema\/logo\/image\/"}},{"@type":"Person","@id":"https:\/\/palma.hammamalandalus.com\/fr\/#\/schema\/person\/4831539627e0493eaf3e936ea9264fe2","name":"mbel","image":{"@type":"ImageObject","inLanguage":"fr-FR","@id":"https:\/\/secure.gravatar.com\/avatar\/57a0fd209a91c1af463466cd9b77a3228a3a036260a09b7a9762b3520248a297?s=96&d=mm&r=g","url":"https:\/\/secure.gravatar.com\/avatar\/57a0fd209a91c1af463466cd9b77a3228a3a036260a09b7a9762b3520248a297?s=96&d=mm&r=g","contentUrl":"https:\/\/secure.gravatar.com\/avatar\/57a0fd209a91c1af463466cd9b77a3228a3a036260a09b7a9762b3520248a297?s=96&d=mm&r=g","caption":"mbel"}}]}},"publishpress_future_action":{"enabled":false,"date":"2026-05-06 21:08:05","action":"change-status","newStatus":"draft","terms":[],"taxonomy":"category","extraData":[]},"publishpress_future_workflow_manual_trigger":{"enabledWorkflows":[]},"_links":{"self":[{"href":"https:\/\/palma.hammamalandalus.com\/fr\/wp-json\/wp\/v2\/posts\/8667","targetHints":{"allow":["GET"]}}],"collection":[{"href":"https:\/\/palma.hammamalandalus.com\/fr\/wp-json\/wp\/v2\/posts"}],"about":[{"href":"https:\/\/palma.hammamalandalus.com\/fr\/wp-json\/wp\/v2\/types\/post"}],"author":[{"embeddable":true,"href":"https:\/\/palma.hammamalandalus.com\/fr\/wp-json\/wp\/v2\/users\/33"}],"replies":[{"embeddable":true,"href":"https:\/\/palma.hammamalandalus.com\/fr\/wp-json\/wp\/v2\/comments?post=8667"}],"version-history":[{"count":1,"href":"https:\/\/palma.hammamalandalus.com\/fr\/wp-json\/wp\/v2\/posts\/8667\/revisions"}],"predecessor-version":[{"id":8672,"href":"https:\/\/palma.hammamalandalus.com\/fr\/wp-json\/wp\/v2\/posts\/8667\/revisions\/8672"}],"wp:featuredmedia":[{"embeddable":true,"href":"https:\/\/palma.hammamalandalus.com\/fr\/wp-json\/wp\/v2\/media\/7984"}],"wp:attachment":[{"href":"https:\/\/palma.hammamalandalus.com\/fr\/wp-json\/wp\/v2\/media?parent=8667"}],"wp:term":[{"taxonomy":"category","embeddable":true,"href":"https:\/\/palma.hammamalandalus.com\/fr\/wp-json\/wp\/v2\/categories?post=8667"},{"taxonomy":"post_tag","embeddable":true,"href":"https:\/\/palma.hammamalandalus.com\/fr\/wp-json\/wp\/v2\/tags?post=8667"}],"curies":[{"name":"wp","href":"https:\/\/api.w.org\/{rel}","templated":true}]}}